{"id":1753,"date":"2019-05-11T18:16:35","date_gmt":"2019-05-11T16:16:35","guid":{"rendered":"https:\/\/versabox.eu\/versabox-auf-dem-eec\/"},"modified":"2024-09-04T10:48:11","modified_gmt":"2024-09-04T08:48:11","slug":"versabox-auf-dem-eec","status":"publish","type":"news","link":"https:\/\/versabox.eu\/de\/news\/versabox-auf-dem-eec\/","title":{"rendered":"VersaBox auf dem EEC"},"content":{"rendered":"\n<p>Jakub Michalski, CEO von VersaBox, nahm an der Debatte \u00fcber die Herausforderungen und die Zukunft der Logistik w\u00e4hrend des XI. Europ\u00e4ischen Wirtschaftskongresses in Katowice.<\/p>\n\n\n\n<p><a href=\"http:\/\/www.eecpoland.eu\/2019\/pl\/panel\/3248.html\">http:\/\/www.eecpoland.eu\/2019\/pl\/panel\/3248.html<\/a><\/p>\n","protected":false},"author":1,"featured_media":983,"template":"","categories":[2],"class_list":["post-1753","news","type-news","status-publish","has-post-thumbnail","hentry","category-allgemein"],"acf":[],"_links":{"self":[{"href":"https:\/\/versabox.eu\/de\/wp-json\/wp\/v2\/news\/1753","targetHints":{"allow":["GET"]}}],"collection":[{"href":"https:\/\/versabox.eu\/de\/wp-json\/wp\/v2\/news"}],"about":[{"href":"https:\/\/versabox.eu\/de\/wp-json\/wp\/v2\/types\/news"}],"author":[{"embeddable":true,"href":"https:\/\/versabox.eu\/de\/wp-json\/wp\/v2\/users\/1"}],"wp:featuredmedia":[{"embeddable":true,"href":"https:\/\/versabox.eu\/de\/wp-json\/wp\/v2\/media\/983"}],"wp:attachment":[{"href":"https:\/\/versabox.eu\/de\/wp-json\/wp\/v2\/media?parent=1753"}],"wp:term":[{"taxonomy":"category","embeddable":true,"href":"https:\/\/versabox.eu\/de\/wp-json\/wp\/v2\/categories?post=1753"}],"curies":[{"name":"wp","href":"https:\/\/api.w.org\/{rel}","templated":true}]}}