{"id":1441,"date":"2019-05-11T18:16:35","date_gmt":"2019-05-11T16:16:35","guid":{"rendered":"https:\/\/versabox.eu\/versabox-na-eec\/"},"modified":"2024-09-04T09:51:08","modified_gmt":"2024-09-04T07:51:08","slug":"versabox-na-eec","status":"publish","type":"news","link":"https:\/\/versabox.eu\/pl\/news\/versabox-na-eec\/","title":{"rendered":"VersaBox na EEC"},"content":{"rendered":"\n<p id=\"tw-target-text\">Jakub Michalski, CEO VersaBox, uczestniczy w&nbsp;kongresowej debacie na temat wyzwa\u0144 i&nbsp;przysz\u0142o\u015bci w&nbsp;logistyce podczas XI Europejskiego Kongresu Gospodarczego w&nbsp;Katowicach.<\/p>\n\n\n\n<p><a href=\"http:\/\/www.eecpoland.eu\/2019\/pl\/panel\/3248.html\">http:\/\/www.eecpoland.eu\/2019\/pl\/panel\/3248.html<\/a><\/p>\n","protected":false},"author":1,"featured_media":983,"template":"","categories":[],"class_list":["post-1441","news","type-news","status-publish","has-post-thumbnail","hentry"],"acf":[],"_links":{"self":[{"href":"https:\/\/versabox.eu\/pl\/wp-json\/wp\/v2\/news\/1441","targetHints":{"allow":["GET"]}}],"collection":[{"href":"https:\/\/versabox.eu\/pl\/wp-json\/wp\/v2\/news"}],"about":[{"href":"https:\/\/versabox.eu\/pl\/wp-json\/wp\/v2\/types\/news"}],"author":[{"embeddable":true,"href":"https:\/\/versabox.eu\/pl\/wp-json\/wp\/v2\/users\/1"}],"wp:featuredmedia":[{"embeddable":true,"href":"https:\/\/versabox.eu\/pl\/wp-json\/wp\/v2\/media\/983"}],"wp:attachment":[{"href":"https:\/\/versabox.eu\/pl\/wp-json\/wp\/v2\/media?parent=1441"}],"wp:term":[{"taxonomy":"category","embeddable":true,"href":"https:\/\/versabox.eu\/pl\/wp-json\/wp\/v2\/categories?post=1441"}],"curies":[{"name":"wp","href":"https:\/\/api.w.org\/{rel}","templated":true}]}}